{"id":8811,"date":"2023-11-06T10:58:41","date_gmt":"2023-11-06T09:58:41","guid":{"rendered":"https:\/\/www.primabottega.eu\/2023\/11\/06\/la-cle-de-la-vie\/"},"modified":"2023-11-06T13:53:20","modified_gmt":"2023-11-06T12:53:20","slug":"la-cle-de-la-vie","status":"publish","type":"post","link":"https:\/\/www.primabottega.eu\/fr\/2023\/11\/06\/la-cle-de-la-vie\/","title":{"rendered":"La cl\u00e9 de la vie"},"content":{"rendered":"","protected":false},"excerpt":{"rendered":"","protected":false},"author":1,"featured_media":8796,"comment_status":"open","ping_status":"open","sticky":false,"template":"","format":"standard","meta":{"footnotes":""},"categories":[889,893],"tags":[1669,1670,1668,1672,1660,1674,1665,1661,1666,1663,938,1673,1662,1671,1667,1664],"class_list":["post-8811","post","type-post","status-publish","format-standard","has-post-thumbnail","hentry","category-non-classifiee","category-nouvelles","tag-cieloeterra-fr","tag-conclusionsignificatif","tag-courage-fr","tag-decouverte","tag-exploration-fr","tag-frescospietro-fr","tag-liberte","tag-mystererevelation","tag-obstacles-fr","tag-ouverturemental","tag-primabottega-fr","tag-protection-de-lenvironnement","tag-puissanceliberte","tag-sanpietro-fr","tag-secrets-fr","tag-symbolisme"],"yoast_head":"<!-- This site is optimized with the Yoast SEO plugin v27.5 - https:\/\/yoast.com\/product\/yoast-seo-wordpress\/ -->\n<title>La cl\u00e9 de la vie - Prima Bottega<\/title>\n<meta name=\"robots\" content=\"index, follow, max-snippet:-1, max-image-preview:large, max-video-preview:-1\" \/>\n<link rel=\"canonical\" href=\"https:\/\/www.primabottega.eu\/fr\/2023\/11\/06\/la-cle-de-la-vie\/\" \/>\n<meta property=\"og:locale\" content=\"fr_FR\" \/>\n<meta property=\"og:type\" content=\"article\" \/>\n<meta property=\"og:title\" content=\"La cl\u00e9 de la vie - Prima Bottega\" \/>\n<meta property=\"og:url\" content=\"https:\/\/www.primabottega.eu\/fr\/2023\/11\/06\/la-cle-de-la-vie\/\" \/>\n<meta property=\"og:site_name\" content=\"Prima Bottega\" \/>\n<meta property=\"article:publisher\" content=\"https:\/\/www.facebook.com\/Primabottega\" \/>\n<meta property=\"article:published_time\" content=\"2023-11-06T09:58:41+00:00\" \/>\n<meta property=\"article:modified_time\" content=\"2023-11-06T12:53:20+00:00\" \/>\n<meta property=\"og:image\" content=\"https:\/\/www.primabottega.eu\/wp-content\/uploads\/2023\/11\/pexels-kristina-paukshtite-1591158-1-scaled.jpg\" \/>\n\t<meta property=\"og:image:width\" content=\"1707\" \/>\n\t<meta property=\"og:image:height\" content=\"2560\" \/>\n\t<meta property=\"og:image:type\" content=\"image\/jpeg\" \/>\n<meta name=\"author\" content=\"administrator048\" \/>\n<meta name=\"twitter:card\" content=\"summary_large_image\" \/>\n<meta name=\"twitter:label1\" content=\"\u00c9crit par\" \/>\n\t<meta name=\"twitter:data1\" content=\"administrator048\" \/>\n<script type=\"application\/ld+json\" class=\"yoast-schema-graph\">{\"@context\":\"https:\\\/\\\/schema.org\",\"@graph\":[{\"@type\":\"Article\",\"@id\":\"https:\\\/\\\/www.primabottega.eu\\\/fr\\\/2023\\\/11\\\/06\\\/la-cle-de-la-vie\\\/#article\",\"isPartOf\":{\"@id\":\"https:\\\/\\\/www.primabottega.eu\\\/fr\\\/2023\\\/11\\\/06\\\/la-cle-de-la-vie\\\/\"},\"author\":{\"name\":\"administrator048\",\"@id\":\"https:\\\/\\\/www.primabottega.eu\\\/fr\\\/#\\\/schema\\\/person\\\/5b8bbe1b79fe5af96e694c44a97fa204\"},\"headline\":\"La cl\u00e9 de la vie\",\"datePublished\":\"2023-11-06T09:58:41+00:00\",\"dateModified\":\"2023-11-06T12:53:20+00:00\",\"mainEntityOfPage\":{\"@id\":\"https:\\\/\\\/www.primabottega.eu\\\/fr\\\/2023\\\/11\\\/06\\\/la-cle-de-la-vie\\\/\"},\"wordCount\":5,\"commentCount\":0,\"publisher\":{\"@id\":\"https:\\\/\\\/www.primabottega.eu\\\/fr\\\/#organization\"},\"image\":{\"@id\":\"https:\\\/\\\/www.primabottega.eu\\\/fr\\\/2023\\\/11\\\/06\\\/la-cle-de-la-vie\\\/#primaryimage\"},\"thumbnailUrl\":\"https:\\\/\\\/www.primabottega.eu\\\/wp-content\\\/uploads\\\/2023\\\/11\\\/pexels-kristina-paukshtite-1591158-1-scaled.jpg\",\"keywords\":[\"CieloETerra\",\"ConclusionSignificatif\",\"Courage\",\"D\u00e9couverte\",\"Exploration\",\"FrescoSPietro\",\"Libert\u00e9\",\"Myst\u00e8reR\u00e9v\u00e9lation\",\"Obstacles\",\"OuvertureMental\",\"primabottega\",\"Protection de l'environnement\",\"PuissanceLibert\u00e9\",\"SanPietro\",\"Secrets\",\"Symbolisme\"],\"articleSection\":[\"Non classifi\u00e9(e)\",\"Nouvelles\"],\"inLanguage\":\"fr-FR\",\"potentialAction\":[{\"@type\":\"CommentAction\",\"name\":\"Comment\",\"target\":[\"https:\\\/\\\/www.primabottega.eu\\\/fr\\\/2023\\\/11\\\/06\\\/la-cle-de-la-vie\\\/#respond\"]}]},{\"@type\":\"WebPage\",\"@id\":\"https:\\\/\\\/www.primabottega.eu\\\/fr\\\/2023\\\/11\\\/06\\\/la-cle-de-la-vie\\\/\",\"url\":\"https:\\\/\\\/www.primabottega.eu\\\/fr\\\/2023\\\/11\\\/06\\\/la-cle-de-la-vie\\\/\",\"name\":\"La cl\u00e9 de la vie - Prima Bottega\",\"isPartOf\":{\"@id\":\"https:\\\/\\\/www.primabottega.eu\\\/fr\\\/#website\"},\"primaryImageOfPage\":{\"@id\":\"https:\\\/\\\/www.primabottega.eu\\\/fr\\\/2023\\\/11\\\/06\\\/la-cle-de-la-vie\\\/#primaryimage\"},\"image\":{\"@id\":\"https:\\\/\\\/www.primabottega.eu\\\/fr\\\/2023\\\/11\\\/06\\\/la-cle-de-la-vie\\\/#primaryimage\"},\"thumbnailUrl\":\"https:\\\/\\\/www.primabottega.eu\\\/wp-content\\\/uploads\\\/2023\\\/11\\\/pexels-kristina-paukshtite-1591158-1-scaled.jpg\",\"datePublished\":\"2023-11-06T09:58:41+00:00\",\"dateModified\":\"2023-11-06T12:53:20+00:00\",\"breadcrumb\":{\"@id\":\"https:\\\/\\\/www.primabottega.eu\\\/fr\\\/2023\\\/11\\\/06\\\/la-cle-de-la-vie\\\/#breadcrumb\"},\"inLanguage\":\"fr-FR\",\"potentialAction\":[{\"@type\":\"ReadAction\",\"target\":[\"https:\\\/\\\/www.primabottega.eu\\\/fr\\\/2023\\\/11\\\/06\\\/la-cle-de-la-vie\\\/\"]}]},{\"@type\":\"ImageObject\",\"inLanguage\":\"fr-FR\",\"@id\":\"https:\\\/\\\/www.primabottega.eu\\\/fr\\\/2023\\\/11\\\/06\\\/la-cle-de-la-vie\\\/#primaryimage\",\"url\":\"https:\\\/\\\/www.primabottega.eu\\\/wp-content\\\/uploads\\\/2023\\\/11\\\/pexels-kristina-paukshtite-1591158-1-scaled.jpg\",\"contentUrl\":\"https:\\\/\\\/www.primabottega.eu\\\/wp-content\\\/uploads\\\/2023\\\/11\\\/pexels-kristina-paukshtite-1591158-1-scaled.jpg\",\"width\":1707,\"height\":2560},{\"@type\":\"BreadcrumbList\",\"@id\":\"https:\\\/\\\/www.primabottega.eu\\\/fr\\\/2023\\\/11\\\/06\\\/la-cle-de-la-vie\\\/#breadcrumb\",\"itemListElement\":[{\"@type\":\"ListItem\",\"position\":1,\"name\":\"Home\",\"item\":\"https:\\\/\\\/www.primabottega.eu\\\/fr\\\/page-daccueil\\\/\"},{\"@type\":\"ListItem\",\"position\":2,\"name\":\"La cl\u00e9 de la vie\"}]},{\"@type\":\"WebSite\",\"@id\":\"https:\\\/\\\/www.primabottega.eu\\\/fr\\\/#website\",\"url\":\"https:\\\/\\\/www.primabottega.eu\\\/fr\\\/\",\"name\":\"Prima Bottega\",\"description\":\"Idee per Onoranze Eccellenti\",\"publisher\":{\"@id\":\"https:\\\/\\\/www.primabottega.eu\\\/fr\\\/#organization\"},\"potentialAction\":[{\"@type\":\"SearchAction\",\"target\":{\"@type\":\"EntryPoint\",\"urlTemplate\":\"https:\\\/\\\/www.primabottega.eu\\\/fr\\\/?s={search_term_string}\"},\"query-input\":{\"@type\":\"PropertyValueSpecification\",\"valueRequired\":true,\"valueName\":\"search_term_string\"}}],\"inLanguage\":\"fr-FR\"},{\"@type\":\"Organization\",\"@id\":\"https:\\\/\\\/www.primabottega.eu\\\/fr\\\/#organization\",\"name\":\"Prima bottega\",\"url\":\"https:\\\/\\\/www.primabottega.eu\\\/fr\\\/\",\"logo\":{\"@type\":\"ImageObject\",\"inLanguage\":\"fr-FR\",\"@id\":\"https:\\\/\\\/www.primabottega.eu\\\/fr\\\/#\\\/schema\\\/logo\\\/image\\\/\",\"url\":\"https:\\\/\\\/www.primabottega.eu\\\/wp-content\\\/uploads\\\/2022\\\/03\\\/logo-PB-1157x450-1-e1647255215339.png\",\"contentUrl\":\"https:\\\/\\\/www.primabottega.eu\\\/wp-content\\\/uploads\\\/2022\\\/03\\\/logo-PB-1157x450-1-e1647255215339.png\",\"width\":500,\"height\":194,\"caption\":\"Prima bottega\"},\"image\":{\"@id\":\"https:\\\/\\\/www.primabottega.eu\\\/fr\\\/#\\\/schema\\\/logo\\\/image\\\/\"},\"sameAs\":[\"https:\\\/\\\/www.facebook.com\\\/Primabottega\",\"https:\\\/\\\/www.instagram.com\\\/primabottega_madeinitaly\\\/\",\"https:\\\/\\\/www.youtube.com\\\/channel\\\/UC2DZ9xa9Y1kh4wsIssO6XYg\"]},{\"@type\":\"Person\",\"@id\":\"https:\\\/\\\/www.primabottega.eu\\\/fr\\\/#\\\/schema\\\/person\\\/5b8bbe1b79fe5af96e694c44a97fa204\",\"name\":\"administrator048\",\"image\":{\"@type\":\"ImageObject\",\"inLanguage\":\"fr-FR\",\"@id\":\"https:\\\/\\\/secure.gravatar.com\\\/avatar\\\/f2096b5debfefce467f3764f155380e31d24223b77430b0972f17be19604572e?s=96&d=mm&r=g\",\"url\":\"https:\\\/\\\/secure.gravatar.com\\\/avatar\\\/f2096b5debfefce467f3764f155380e31d24223b77430b0972f17be19604572e?s=96&d=mm&r=g\",\"contentUrl\":\"https:\\\/\\\/secure.gravatar.com\\\/avatar\\\/f2096b5debfefce467f3764f155380e31d24223b77430b0972f17be19604572e?s=96&d=mm&r=g\",\"caption\":\"administrator048\"},\"sameAs\":[\"https:\\\/\\\/www.primabottega.eu\"],\"url\":\"https:\\\/\\\/www.primabottega.eu\\\/fr\\\/author\\\/administrator048\\\/\"}]}<\/script>\n<!-- \/ Yoast SEO plugin. -->","yoast_head_json":{"title":"La cl\u00e9 de la vie - Prima Bottega","robots":{"index":"index","follow":"follow","max-snippet":"max-snippet:-1","max-image-preview":"max-image-preview:large","max-video-preview":"max-video-preview:-1"},"canonical":"https:\/\/www.primabottega.eu\/fr\/2023\/11\/06\/la-cle-de-la-vie\/","og_locale":"fr_FR","og_type":"article","og_title":"La cl\u00e9 de la vie - Prima Bottega","og_url":"https:\/\/www.primabottega.eu\/fr\/2023\/11\/06\/la-cle-de-la-vie\/","og_site_name":"Prima Bottega","article_publisher":"https:\/\/www.facebook.com\/Primabottega","article_published_time":"2023-11-06T09:58:41+00:00","article_modified_time":"2023-11-06T12:53:20+00:00","og_image":[{"width":1707,"height":2560,"url":"https:\/\/www.primabottega.eu\/wp-content\/uploads\/2023\/11\/pexels-kristina-paukshtite-1591158-1-scaled.jpg","type":"image\/jpeg"}],"author":"administrator048","twitter_card":"summary_large_image","twitter_misc":{"\u00c9crit par":"administrator048"},"schema":{"@context":"https:\/\/schema.org","@graph":[{"@type":"Article","@id":"https:\/\/www.primabottega.eu\/fr\/2023\/11\/06\/la-cle-de-la-vie\/#article","isPartOf":{"@id":"https:\/\/www.primabottega.eu\/fr\/2023\/11\/06\/la-cle-de-la-vie\/"},"author":{"name":"administrator048","@id":"https:\/\/www.primabottega.eu\/fr\/#\/schema\/person\/5b8bbe1b79fe5af96e694c44a97fa204"},"headline":"La cl\u00e9 de la vie","datePublished":"2023-11-06T09:58:41+00:00","dateModified":"2023-11-06T12:53:20+00:00","mainEntityOfPage":{"@id":"https:\/\/www.primabottega.eu\/fr\/2023\/11\/06\/la-cle-de-la-vie\/"},"wordCount":5,"commentCount":0,"publisher":{"@id":"https:\/\/www.primabottega.eu\/fr\/#organization"},"image":{"@id":"https:\/\/www.primabottega.eu\/fr\/2023\/11\/06\/la-cle-de-la-vie\/#primaryimage"},"thumbnailUrl":"https:\/\/www.primabottega.eu\/wp-content\/uploads\/2023\/11\/pexels-kristina-paukshtite-1591158-1-scaled.jpg","keywords":["CieloETerra","ConclusionSignificatif","Courage","D\u00e9couverte","Exploration","FrescoSPietro","Libert\u00e9","Myst\u00e8reR\u00e9v\u00e9lation","Obstacles","OuvertureMental","primabottega","Protection de l'environnement","PuissanceLibert\u00e9","SanPietro","Secrets","Symbolisme"],"articleSection":["Non classifi\u00e9(e)","Nouvelles"],"inLanguage":"fr-FR","potentialAction":[{"@type":"CommentAction","name":"Comment","target":["https:\/\/www.primabottega.eu\/fr\/2023\/11\/06\/la-cle-de-la-vie\/#respond"]}]},{"@type":"WebPage","@id":"https:\/\/www.primabottega.eu\/fr\/2023\/11\/06\/la-cle-de-la-vie\/","url":"https:\/\/www.primabottega.eu\/fr\/2023\/11\/06\/la-cle-de-la-vie\/","name":"La cl\u00e9 de la vie - Prima Bottega","isPartOf":{"@id":"https:\/\/www.primabottega.eu\/fr\/#website"},"primaryImageOfPage":{"@id":"https:\/\/www.primabottega.eu\/fr\/2023\/11\/06\/la-cle-de-la-vie\/#primaryimage"},"image":{"@id":"https:\/\/www.primabottega.eu\/fr\/2023\/11\/06\/la-cle-de-la-vie\/#primaryimage"},"thumbnailUrl":"https:\/\/www.primabottega.eu\/wp-content\/uploads\/2023\/11\/pexels-kristina-paukshtite-1591158-1-scaled.jpg","datePublished":"2023-11-06T09:58:41+00:00","dateModified":"2023-11-06T12:53:20+00:00","breadcrumb":{"@id":"https:\/\/www.primabottega.eu\/fr\/2023\/11\/06\/la-cle-de-la-vie\/#breadcrumb"},"inLanguage":"fr-FR","potentialAction":[{"@type":"ReadAction","target":["https:\/\/www.primabottega.eu\/fr\/2023\/11\/06\/la-cle-de-la-vie\/"]}]},{"@type":"ImageObject","inLanguage":"fr-FR","@id":"https:\/\/www.primabottega.eu\/fr\/2023\/11\/06\/la-cle-de-la-vie\/#primaryimage","url":"https:\/\/www.primabottega.eu\/wp-content\/uploads\/2023\/11\/pexels-kristina-paukshtite-1591158-1-scaled.jpg","contentUrl":"https:\/\/www.primabottega.eu\/wp-content\/uploads\/2023\/11\/pexels-kristina-paukshtite-1591158-1-scaled.jpg","width":1707,"height":2560},{"@type":"BreadcrumbList","@id":"https:\/\/www.primabottega.eu\/fr\/2023\/11\/06\/la-cle-de-la-vie\/#breadcrumb","itemListElement":[{"@type":"ListItem","position":1,"name":"Home","item":"https:\/\/www.primabottega.eu\/fr\/page-daccueil\/"},{"@type":"ListItem","position":2,"name":"La cl\u00e9 de la vie"}]},{"@type":"WebSite","@id":"https:\/\/www.primabottega.eu\/fr\/#website","url":"https:\/\/www.primabottega.eu\/fr\/","name":"Prima Bottega","description":"Idee per Onoranze Eccellenti","publisher":{"@id":"https:\/\/www.primabottega.eu\/fr\/#organization"},"potentialAction":[{"@type":"SearchAction","target":{"@type":"EntryPoint","urlTemplate":"https:\/\/www.primabottega.eu\/fr\/?s={search_term_string}"},"query-input":{"@type":"PropertyValueSpecification","valueRequired":true,"valueName":"search_term_string"}}],"inLanguage":"fr-FR"},{"@type":"Organization","@id":"https:\/\/www.primabottega.eu\/fr\/#organization","name":"Prima bottega","url":"https:\/\/www.primabottega.eu\/fr\/","logo":{"@type":"ImageObject","inLanguage":"fr-FR","@id":"https:\/\/www.primabottega.eu\/fr\/#\/schema\/logo\/image\/","url":"https:\/\/www.primabottega.eu\/wp-content\/uploads\/2022\/03\/logo-PB-1157x450-1-e1647255215339.png","contentUrl":"https:\/\/www.primabottega.eu\/wp-content\/uploads\/2022\/03\/logo-PB-1157x450-1-e1647255215339.png","width":500,"height":194,"caption":"Prima bottega"},"image":{"@id":"https:\/\/www.primabottega.eu\/fr\/#\/schema\/logo\/image\/"},"sameAs":["https:\/\/www.facebook.com\/Primabottega","https:\/\/www.instagram.com\/primabottega_madeinitaly\/","https:\/\/www.youtube.com\/channel\/UC2DZ9xa9Y1kh4wsIssO6XYg"]},{"@type":"Person","@id":"https:\/\/www.primabottega.eu\/fr\/#\/schema\/person\/5b8bbe1b79fe5af96e694c44a97fa204","name":"administrator048","image":{"@type":"ImageObject","inLanguage":"fr-FR","@id":"https:\/\/secure.gravatar.com\/avatar\/f2096b5debfefce467f3764f155380e31d24223b77430b0972f17be19604572e?s=96&d=mm&r=g","url":"https:\/\/secure.gravatar.com\/avatar\/f2096b5debfefce467f3764f155380e31d24223b77430b0972f17be19604572e?s=96&d=mm&r=g","contentUrl":"https:\/\/secure.gravatar.com\/avatar\/f2096b5debfefce467f3764f155380e31d24223b77430b0972f17be19604572e?s=96&d=mm&r=g","caption":"administrator048"},"sameAs":["https:\/\/www.primabottega.eu"],"url":"https:\/\/www.primabottega.eu\/fr\/author\/administrator048\/"}]}},"_links":{"self":[{"href":"https:\/\/www.primabottega.eu\/fr\/wp-json\/wp\/v2\/posts\/8811","targetHints":{"allow":["GET"]}}],"collection":[{"href":"https:\/\/www.primabottega.eu\/fr\/wp-json\/wp\/v2\/posts"}],"about":[{"href":"https:\/\/www.primabottega.eu\/fr\/wp-json\/wp\/v2\/types\/post"}],"author":[{"embeddable":true,"href":"https:\/\/www.primabottega.eu\/fr\/wp-json\/wp\/v2\/users\/1"}],"replies":[{"embeddable":true,"href":"https:\/\/www.primabottega.eu\/fr\/wp-json\/wp\/v2\/comments?post=8811"}],"version-history":[{"count":0,"href":"https:\/\/www.primabottega.eu\/fr\/wp-json\/wp\/v2\/posts\/8811\/revisions"}],"wp:featuredmedia":[{"embeddable":true,"href":"https:\/\/www.primabottega.eu\/fr\/wp-json\/wp\/v2\/media\/8796"}],"wp:attachment":[{"href":"https:\/\/www.primabottega.eu\/fr\/wp-json\/wp\/v2\/media?parent=8811"}],"wp:term":[{"taxonomy":"category","embeddable":true,"href":"https:\/\/www.primabottega.eu\/fr\/wp-json\/wp\/v2\/categories?post=8811"},{"taxonomy":"post_tag","embeddable":true,"href":"https:\/\/www.primabottega.eu\/fr\/wp-json\/wp\/v2\/tags?post=8811"}],"curies":[{"name":"wp","href":"https:\/\/api.w.org\/{rel}","templated":true}]}}